{"provider_url": "https://www.carapebus.rj.leg.br", "title": "Aprovada cria\u00e7\u00e3o de CPI do CarapebusPrev", "html": "<p>Foi aprovada por cinco votos, a cria\u00e7\u00e3o da Comiss\u00e3o Processante de Investiga\u00e7\u00e3o (CPI) do CarapebusPrev. A comiss\u00e3o ter\u00e1 90 dias para coletar dados e apurar o atraso no repasse de R$ 3 milh\u00f5es recolhidos da folha de pagamento dos servidores concursados para o instituto de previd\u00eancia municipal.</p>\r\n<p>Em paralelo, a aprova\u00e7\u00e3o todo processo da CPI ser\u00e1 encaminhado ao Minist\u00e9rio P\u00fablico e ao de Trabalho para apura\u00e7\u00e3o de il\u00edcito e inten\u00e7\u00e3o dolosa de reten\u00e7\u00e3o de pagamento dos servidores e de improbidade administrativa por afronta a lei. Os vereadores solicitar\u00e3o que o MP e o Minist\u00e9rio do Trabalho tomem as medidas cab\u00edveis. Foi solicitado ainda a c\u00f3pia da folha de pagamento dos servidores.</p>\r\n<p><b>Apropria\u00e7\u00e3o ind\u00e9bita</b></p>\r\n<p>Quanto a CPI do CarapebusPrev, o presidente Anselmo Prata comentou que \u00e9 necess\u00e1ria porque os atrasos ocorrem, a apropria\u00e7\u00e3o ind\u00e9bita do recolhimento das parcelas na folha de pagamento do servidor j\u00e1 que n\u00e3o \u00e9 repassado para o instituto, desde novembro do ano passado.</p>\r\n<p>Alertou Anselmo Prata que se nesse per\u00edodo da CPI a prefeita n\u00e3o efetuar o repasse dos atrasados ao instituto, o processo ser\u00e1 encaminhado ao Minist\u00e9rio P\u00fablico para as san\u00e7\u00f5es cab\u00edveis. Como a bancada governamental saiu antes da vota\u00e7\u00e3o ficando apenas o da oposi\u00e7\u00e3o, Anselmo sugeriu que a cria\u00e7\u00e3o seja aprovada e os vereadores da base do governo, componham essa comiss\u00e3o. \u201cEles t\u00eam que participar porque tamb\u00e9m votaram a favor da cria\u00e7\u00e3o do instituto e temos que nos preocupar porque estamos falando do futuro de quase mil servidores, que podem ser prejudicados\u201d.</p>", "author_name": "tania.garabini", "version": "1.0", "author_url": "https://www.carapebus.rj.leg.br/author/tania.garabini", "provider_name": "C\u00e2mara Municipal de Carapebus", "type": "rich"}