{"provider_url": "https://www.carapebus.rj.leg.br", "title": "Audi\u00eancia P\u00fablica Emergencial", "html": "<div dir=\"auto\">A C\u00e2mara Municipal de Carapebus, convida a popula\u00e7\u00e3o para estar presente na Audi\u00eancia P\u00fablica Emergencial que ser\u00e1 realizada nesta quinta feira 08/12 \u00e0s 10 horas da manh\u00e3 no plen\u00e1rio da C\u00e2mara. A audi\u00eancia tratar\u00e1 do or\u00e7amento para 2023 e ser\u00e1 de grande import\u00e2ncia a participa\u00e7\u00e3o da popula\u00e7\u00e3o.</div>\r\n<div dir=\"auto\">A audi\u00eancia n\u00e3o ser\u00e1 transmitida ao vivo devido a falta de internet no local por conta das fortes chuvas dos \u00faltimos dias, que ocasionou o alagamento da C\u00e2mara, mas ser\u00e1 <span><a tabindex=\"-1\"></a></span>gravada e publicada nas redes sociais da C\u00e2mara ap\u00f3s.</div>", "author_name": "vivian.vieira", "version": "1.0", "author_url": "https://www.carapebus.rj.leg.br/author/vivian.vieira", "provider_name": "C\u00e2mara Municipal de Carapebus", "type": "rich"}