{"provider_url": "https://www.carapebus.rj.leg.br", "title": "C\u00e2mara aprova obras para Ub\u00e1s", "html": "<p>Com presen\u00e7a significativa de representantes da sociedade local, os vereadores durante a Sess\u00e3o Itinerante em Ub\u00e1s aprovaram oito propostas de obras e melhorias para o bairro. Entre as principais reivindica\u00e7\u00f5es populares aprovadas est\u00e3o o trabalho de reparo para a ativa\u00e7\u00e3o da esta\u00e7\u00e3o de tratamento do bairro; reforma da quadra de esporte da escola Camboim, disponibiliza\u00e7\u00e3o de uma ambul\u00e2ncia com primeiros socorros e um enfermeiro de plant\u00e3o 24 horas no posto de sa\u00fade local.</p>\r\n<p>A sess\u00e3o presidida pelo vereador Anselmo Prata contou com a presen\u00e7a de mais sete vereadores. A primeira indica\u00e7\u00e3o aprovada foi sobre a disposi\u00e7\u00e3o sobre as diretrizes para a elabora\u00e7\u00e3o da lei or\u00e7ament\u00e1ria de 2020. Indica\u00e7\u00e3o feita e aprovada pelos vereadores foi a reforma e implanta\u00e7\u00e3o de grama sint\u00e9tica do campo de futebol society na escola Davi Lincoln; em seguida sobre ao reparo na quadra de esporte da escola Cambom, bem como instala\u00e7\u00e3o de uma cobertura da mesma.</p>\r\n<p>Os vereadores aprovaram ainda a reforma do est\u00e1dio de Ub\u00e1s Carlos Mota da Silva; o calcetamento ou pavimenta\u00e7\u00e3o do loteamento Nova Cana\u00e3. E que seja feito todos os trabalhos e reparos para a reativa\u00e7\u00e3o da esta\u00e7\u00e3o de tratamento de esgoto de Ub\u00e1s. Na reivindica\u00e7\u00e3o da popula\u00e7\u00e3o a manuten\u00e7\u00e3o de uma ambul\u00e2ncia 24 horas bem como um enfermeiro de plant\u00e3o no posto de sa\u00fade local para os primeiros socorros foi uma exig\u00eancia dos moradores.</p>\r\n<p>A ilumina\u00e7\u00e3o do percurso Cabi\u00fanas-Ub\u00e1s foi outra solicita\u00e7\u00e3o popular feita e aprovada. Pedido tamb\u00e9m o asfaltamento entre a escola e a creche, coleta de lixo todos os dias, pediatra e ginecologista no posto, recolhimento de animais soltos nas vias p\u00fablicas (cavalos) com a implanta\u00e7\u00e3o do projeto Clamar, pra\u00e7a para as crian\u00e7as, escola de educa\u00e7\u00e3o infantil, ilumina\u00e7\u00e3o p\u00fablica de qualidade, uniforme completo para alunos, varredores de rua todos os dias, cursos profissionalizantes.</p>\r\n<p><b>Seguran\u00e7a melhorada</b></p>\r\n<p>Os moradores de Ub\u00e1s tiveram aprovada a proposta de melhoria na seguran\u00e7a p\u00fablica do bairro. O vereador presidente Anselmo Prata sugeriu que, os demais colegas de Casa fa\u00e7am uma indica\u00e7\u00e3o para a prefeitura construir tr\u00eas cabines de seguran\u00e7a nas estradas da cidade (Ub\u00e1s, sa\u00edda para Concei\u00e7\u00e3o de Macabu e de Quissam\u00e3) e mantenha guardas municipais em plant\u00e3o permanente.</p>", "author_name": "tania.garabini", "version": "1.0", "author_url": "https://www.carapebus.rj.leg.br/author/tania.garabini", "provider_name": "C\u00e2mara Municipal de Carapebus", "type": "rich"}