{"provider_url": "https://www.carapebus.rj.leg.br", "title": "C\u00e2mara realiza sess\u00e3o sobre Coronav\u00edrus", "html": "<p>A Mesa Diretora da C\u00e2mara de Vereadores de Carapebus realizou no dia 19, uma sess\u00e3o especial com convidados da \u00e1rea de Sa\u00fade do munic\u00edpio para prestar esclarecimentos \u00e0 popula\u00e7\u00e3o sobre o Coronav\u00edrus. Estiveram presentes o secret\u00e1rio da pasta, Leonardo Sarmento e os coordenadores do Hospital Carlito Gon\u00e7alves, da Aten\u00e7\u00e3o B\u00e1sica, da Vigil\u00e2ncia e Sa\u00fade, da Reabilita\u00e7\u00e3o e do Transporte. A informa\u00e7\u00e3o principal \u00e9 de que, n\u00e3o h\u00e1 qualquer caso ou mesmo de suspeito da doen\u00e7a em Carapebus.</p>\r\n<p>No ato da abertura do evento, falou o vereador Rodrigo Lima salientou a import\u00e2ncia desse esclarecimento e da a\u00e7\u00e3o da Sa\u00fade para evitar o problema no munic\u00edpio. Em seguida, a vereadora T\u00e2nia Cabral agradeceu o empenho dos funcion\u00e1rios do setor no atendimento da popula\u00e7\u00e3o. Marcelo Borginho lembrou do momento dif\u00edcil que todos est\u00e3o passando e pediu para que as pessoas evitem postar nas redes sociais inverdades, colocando a popula\u00e7\u00e3o em p\u00e2nico.</p>\r\n<p>O vereador Luciano Sardinha (Deuty) na oportunidade questionou as autoridades sanit\u00e1rias sobre a poss\u00edvel falta de equipamentos para os funcion\u00e1rios que trabalham no PSF e na emerg\u00eancia. E comentou que no Parque de Exposi\u00e7\u00e3o havia mais de 35 crian\u00e7as brincando, quando deveriam estar em casa como recomenda o Minist\u00e9rio da Sa\u00fade, para evitar a prolifera\u00e7\u00e3o do v\u00edrus.</p>\r\n<p>O parlamentar Maicon Pimentel salientou que esse momento n\u00e3o deve haver lado pol\u00edtico e sim de humanidade, por ser um momento importante para todos. Marquinhos Pacato refor\u00e7ou a fala de Maicon ressaltando a necessidade de uni\u00e3o para que se possa passar esse per\u00edodo cr\u00edtico. O presidente da Casa, Anselmo Prata agradeceu aos profissionais da Sa\u00fade pelo trabalho j\u00e1 que est\u00e3o sobrecarregados. Sugeriu que se fa\u00e7a um informativo sobre o assunto e se entregue nas resid\u00eancias, principalmente na \u00e1rea rural. E que, j\u00e1 foi informado da cria\u00e7\u00e3o de escala dos agentes de sa\u00fade para evitar sobrecarga de servi\u00e7o. E colocou a C\u00e2mara \u00e0 disposi\u00e7\u00e3o de qualquer a\u00e7\u00e3o ou projeto para atender a popula\u00e7\u00e3o. Informou que a C\u00e2mara estar\u00e1 de prontid\u00e3o para votar qualquer proposta da Secretaria de Sa\u00fade.</p>\r\n<p>O secret\u00e1rio de Sa\u00fade Leonardo Sarmento garantiu que em Carapebus n\u00e3o h\u00e1 caso de Coronav\u00edrus, mas pediu a popula\u00e7\u00e3o que permane\u00e7a em casa, devido ao Coronav\u00edrus. Os trabalhos s\u00e3o realizados conforme as determina\u00e7\u00f5es e protocolos que est\u00e3o sendo emitidos, de maneira din\u00e2mica, para diminuir a propaga\u00e7\u00e3o do v\u00edrus. \u201c A onda vai chegar e estamos adequando, porque nunca vimos algo t\u00e3o grande como est\u00e1 acontecendo\u201d.</p>\r\n<p>E relatou que j\u00e1 foram realizadas pelos agentes de sa\u00fade, 720 visitas residenciais de pessoas inseridas no grupo de risco.</p>\r\n<p>Para priorizar a situa\u00e7\u00e3o:</p>\r\n<p>- Foram suspensos os atendimentos ambulatorial, de odontologia, fisioterapia. Nessas \u00e1reas s\u00f3 h\u00e1 atendimento para casos de emerg\u00eancia.</p>\r\n<p>- Criado o grupo de Vigil\u00e2ncia Epidemiol\u00f3gica que est\u00e1 atendendo a popula\u00e7\u00e3o via telefone no n\u00famero 22 9974-5510 Seus funcion\u00e1rios est\u00e3o fazendo a coleta e levando os exames para serem feitos no Rio de Janeiro.</p>\r\n<p>- Entrega de equipamentos de prote\u00e7\u00e3o para todos da \u00e1rea de Sa\u00fade.</p>\r\n<p>- Os postos de sa\u00fade de aten\u00e7\u00e3o b\u00e1sica permanecer\u00e3o abertos aos finais de semana at\u00e9 as 15 horas. Isso \u00e9 para diminuir o fluxo de procura ao hospital.</p>\r\n<p>- Utiliza\u00e7\u00e3o de ve\u00edculos da Secretaria de Educa\u00e7\u00e3o \u2013 suspensa as aulas \u2013 para refor\u00e7ar a frota da Sa\u00fade.</p>\r\n<p>- Foram alugadas cinco UTIs a serem instalados no Centro Cir\u00fargico do hospital.</p>\r\n<p>- Colocado em funcionamento o telefone 192 para atendimento de casos do Coronav\u00edrus.</p>\r\n<p>- Os exames de pre natal continuar\u00e3o a ser realizados, mas com n\u00famero e marca\u00e7\u00e3o de gestantes definidos nos postos, para evitar aglomera\u00e7\u00e3o e reduzir a seguran\u00e7a das pessoas.</p>\r\n<p>- A Federa\u00e7\u00e3o de transporte baixou norma que os \u00f4nibus intermunicipais devem passar por higieniza\u00e7\u00e3o a cada 24 horas e na troca de motoristas, os mesmos devem se higienizar, bem como o volante e o cabo da marcha.</p>", "author_name": "tania.garabini", "version": "1.0", "author_url": "https://www.carapebus.rj.leg.br/author/tania.garabini", "provider_name": "C\u00e2mara Municipal de Carapebus", "type": "rich"}