{"provider_url": "https://www.carapebus.rj.leg.br", "title": "COMUNICADO", "html": "<div dir=\"auto\">A C\u00e2mara Municipal, previamente, n\u00e3o ter\u00e1 atendimento nesta semana de 05 a 09/12.</div>\r\n<div dir=\"auto\">Retornaremos os atendimentos assim que poss\u00edvel.</div>", "author_name": "vivian.vieira", "version": "1.0", "author_url": "https://www.carapebus.rj.leg.br/author/vivian.vieira", "provider_name": "C\u00e2mara Municipal de Carapebus", "type": "rich"}