{"provider_url": "https://www.carapebus.rj.leg.br", "title": "Comunicado Oficial da C\u00e2mara de Carapebus", "html": "<p align=\"center\">\u00a0</p>\r\n<p>Foi protocolado na C\u00e2mara Municipal de Carapebus no dia 28/11/2022 \u00e0s 08:37 o Ato da Presid\u00eancia n.\u00ba 009/2022 que deu origem ao Processo n.\u00ba 979/2022, a fim de estabelecer o Cronograma Oficial para a Elei\u00e7\u00e3o da Mesa Executiva da C\u00e2mara para o Bi\u00eanio 2023/2024.</p>\r\n<p>\u00a0</p>\r\n<p>Como determina o Regimento Interno, c\u00f3pia do Ato da Presid\u00eancia n.\u00ba 009/2022 protocolado foi afixado no Quadro de Avisos Oficial da C\u00e2mara \u00e0s 09:16, e por determina\u00e7\u00e3o do pr\u00f3prio Ato, informado aos vereadores atrav\u00e9s do grupo de WhatsApp da C\u00e2mara al\u00e9m da publica\u00e7\u00e3o no Facebook e s\u00edtio oficiais da C\u00e2mara.</p>\r\n<p>\u00a0</p>\r\n<p>\u00a0</p>\r\n<p align=\"center\">Ato da Presid\u00eancia APRES n\u00ba 009/22</p>\r\n<p>\u00a0</p>\r\n<p>O vereador Presidente da C\u00c2MARA MUNICIPAL DE CARAPEBUS no uso de suas atribui\u00e7\u00f5es legais constantes no Regimento Interno da C\u00e2mara Municipal e da Lei Org\u00e2nica do Munic\u00edpio de Carapebus comunica Oficialmente para os devidos fins de direito;</p>\r\n<p>\u00a0</p>\r\n<p align=\"center\">Cronograma Oficial para Elei\u00e7\u00e3o da Mesa Executiva para o Bi\u00eanio Ano 2023/2024.</p>\r\n<p>\u00a0</p>\r\n<ul>\r\n<li>28/11/2022-Abertura do Prazo para Registro de Chapa da Mesa Executiva.</li>\r\n<li>29/11/2022-Fechamento do Prazo para Registro de Chapa da Mesa Executiva.</li>\r\n<li>29/11/2022-Sess\u00e3o Ordin\u00e1ria-Elei\u00e7\u00e3o da Mesa Executiva.</li>\r\n</ul>\r\n<p>\u00a0</p>\r\n<p>O registro de chapa se dar\u00e1 no hor\u00e1rio de expediente da C\u00e2mara Municipal de Carapebus das 8h as 16h (segunda a quinta feira) e 8h as 12:00h (sexta-feira), devendo ser protocolado no Setor de Protocolo.</p>\r\n<p>A Sess\u00e3o Ordin\u00e1ria a realizar-se, as 17:00h no plen\u00e1rio da C\u00e2mara Municipal Maria Helena Da Silveira Brito.</p>\r\n<p>\u00a0</p>", "author_name": "vivian.vieira", "version": "1.0", "author_url": "https://www.carapebus.rj.leg.br/author/vivian.vieira", "provider_name": "C\u00e2mara Municipal de Carapebus", "type": "rich"}