{"provider_url": "https://www.carapebus.rj.leg.br", "title": "Convite sess\u00e3o Solene 13 de mar\u00e7o de 2019", "html": "<h4 align=\"center\"><b>A C\u00e2mara Municipal de Carapebus, tem a honra de convidar para Sess\u00e3o Solene em Comemora\u00e7\u00e3o ao Anivers\u00e1rio da Cidade.</b></h4>\r\n<h4 align=\"center\">Sua presen\u00e7a \u00e9 Muito Importante!</h4>\r\n<p>\u00a0</p>\r\n<h4 align=\"center\"><b>Data: 13/03/19, \u00e0s 19h00 min.</b></h4>\r\n<p style=\"text-align: center; \"><b>Local: Plen\u00e1rio da C\u00e2mara Municipal.</b></p>", "author_name": "", "version": "1.0", "author_url": "https://www.carapebus.rj.leg.br/author/adm", "provider_name": "C\u00e2mara Municipal de Carapebus", "type": "rich"}