{"provider_url": "https://www.carapebus.rj.leg.br", "title": "Hospital de Campanha tem custo elevado  ", "html": "<p>O presidente da Casa, vereador Anselmo Prata entende que o custo do hospital de campanha \u00e9 elevado e desnecess\u00e1rio, refor\u00e7ando sua proposta de aparelhar o Centro de Reabilita\u00e7\u00e3o e o ambulat\u00f3rio com os leitos destinados a atender os pacientes com Coronavirus. Ele juntamente com Deuty e Borginho estiveram visitando as instala\u00e7\u00f5es do hospital de campanha e vir\u00e3o que h\u00e1 somente seis dos vinte leitos montados e o custo do local \u00e9 de R$ 1,3 milh\u00e3o.</p>\r\n<p>\u201cEsses espa\u00e7os s\u00e3o da prefeitura e s\u00f3 precisam montar os leitos que s\u00e3o apenas uma cama, com bal\u00e3o de oxig\u00eanio. Acredito que economizar\u00edamos 80% do que se gastou com aquela estrutura. Pedimos a presen\u00e7a do secret\u00e1rio de Sa\u00fade para ele explicar isso, devidos os altos gastos\u201d, afirmou Anselmo.</p>\r\n<p>Lembro do custo do hospital e tamb\u00e9m do contrato com a Cootrab (de pessoal para trabalhar na prefeitura) no valor de R$ 1,02 milh\u00e3o. Esse contrato n\u00e3o especifica se \u00e9 para atender a \u00e1rea de Sa\u00fade ou de servi\u00e7os gerais. Outro contrato citado por Anselmo Prata \u00e9 com o da empresa Imex Servi\u00e7os Hospitalares de R$ 360 mil. \u201cQueremos saber se foram comprados insumos, medicamentos. Enfim, um esclarecimento. Queremos saber se chegou R$ 1 milh\u00e3o doado pela Alerj ou o R$ 1,3 milh\u00e3o do governo federal. Esses tr\u00eas contratos representam R$ 2,7 milh\u00f5es. \u00c9 muito dinheiro e as pessoas n\u00e3o est\u00e3o sendo assistidas\u201d.</p>\r\n<p>Ele defendeu a necessidade de mudan\u00e7a no protocolo de atendimento. \u201cO vereador Maicon Pimentel foi ao hospital com 39 graus de temperatura e com dores de cabe\u00e7a e foi mandado para casa. Acho que esse protocolo tem que ser revisto. Em lugar de ficar em casa, deveria ser mantido no hospital. A evolu\u00e7\u00e3o do v\u00edrus \u00e9 t\u00e3o r\u00e1pida, que n\u00e3o d\u00e1 tempo de atender. Se mudassem esse procedimento nosso amigo Joelson Jacar\u00e9 n\u00e3o teria morrido com a doen\u00e7a. Acho que a pessoa que chega com febre deve ser imediatamente testado e ficar no hospital at\u00e9 sair esse resultado\u201d.</p>\r\n<p>Condu\u00e7\u00e3o Coercitiva</p>\r\n<p>O Procuradoria da C\u00e2mara est\u00e1 elaborando documento a ser encaminhado \u00e0 Justi\u00e7a solicitando a condu\u00e7\u00e3o coercitiva dos secret\u00e1rios de Sa\u00fade e A\u00e7\u00e3o Social, porque dia 21 foi o \u00faltimo prazo dado para que comparecessem \u00e0 Casa para prestar esclarecimentos. \u201cTemos hist\u00f3ricos anterior que culminaram com o processo de cassa\u00e7\u00e3o da prefeita, provando que ocorreram v\u00e1rios crimes. Agora os secret\u00e1rios teimam em n\u00e3o comparecer, ent\u00e3o a C\u00e2mara vai fazer o seu papel\u201d.</p>", "author_name": "tania.garabini", "version": "1.0", "author_url": "https://www.carapebus.rj.leg.br/author/tania.garabini", "provider_name": "C\u00e2mara Municipal de Carapebus", "type": "rich"}