{"provider_url": "https://www.carapebus.rj.leg.br", "title": "Mo\u00e7\u00e3o de Aplausos de Dezembro", "html": "<p>A C\u00e2mara Municipal de Carapebus - RJ, atrav\u00e9s da Vereadora T\u00e2nia Maria Carvalho Cabral Silva e demais Vereadores teve a satisfa\u00e7\u00e3o de consignar na \u00faltima ter\u00e7a-feira (18) a presente Mo\u00e7\u00e3o de Aplausos aos Ilustr\u00edssimos</p>\r\n<p><strong>Atletas de Futebol Sub.15</strong><br /><span>Vice-Campe\u00e3 do Campeonato Macaense de Futebol.</span></p>\r\n<p>\u00a0</p>\r\n<p><strong>Atletas de Futebol Sub.13</strong><br />Campe\u00e3 do Campeonato Regional Norte Lagos de Futebol de Base 2018</p>\r\n<p><strong>Atletas de Futebol Sub.11</strong><br />Vice-Campe\u00e3 do Campeonato Macaense de Futebol.</p>\r\n<p>\u00a0</p>\r\n<p><strong>Atletas de V\u00f4lei da nossa Querida Carapebus, Campe\u00f5es da Ta\u00e7a de Prata - LIVERJ na Cidade do Rio de Janeiro, Senhores:</strong><br />ALESSANDRO MIRANDA, ALEXANDRE A. RIBEIRO, BASILIO J. P. AGUIAR, BRUNO CABRAL CAMPOS, BRUNO L. AD\u00c3O, C\u00c9SAR DUARTE DA PAIX\u00c3O, DAVI C. W. OLIVEIRA, DOUGLAS LIMA S. CALDAS, DOUGLAS GOMES DOS SANTOS, FERNANDO S. ABREU, GILDEVAN S. SANTOS, HEVERTON S. SILVA, JANDERSON S. LUCAS, MARCOS A. LAMOGLIA DE S\u00c1, PAULO DIEGO O. NASCIMENTO, PAULO EDUARDO P. CAROLINO, PEDRO HENRIQUE S. DA CONCEI\u00c7\u00c3O, RAFAEL BRITO DA CONCEI\u00c7\u00c3O, WILKER LAUDANO NUNES E VAGNER BARCELOS CORREIA.</p>\r\n<p><strong>Servidores Municipais:</strong></p>\r\n<p>Bas\u00edlio Jos\u00e9 de Paula Aguiar<br /> Daiana de Oliveira Porto Gavinho<br /> Edilberto Ferreira<br /> Evandro Tavares Torres<br />Jean ribeiro Barbosa<br /> Joemar da Silva Barbosa<br /> Lorena Stfania de Almeida Bandeira<br /> Maykon Ramos Defante<br /> Marinaldo Vituriano<br /> Noemia Souza Santos<br /> Osmar Evangelista Ferreira Gon\u00e7alves<br />Paulo Aqu\u00edles Rocha de Almeida<br />Reuliton Rocha da Silva<br /> Roberto Carlos Costa<br /> Rosyanne dos Santos Torres</p>\r\n<p><br />Temos a Plena convic\u00e7\u00e3o que V. As., ser\u00e1 sempre lembrado por esta Casa de Leis, sendo exemplo de dedica\u00e7\u00e3o e amor a nossa querida Carapebus.</p>", "author_name": "", "version": "1.0", "author_url": "https://www.carapebus.rj.leg.br/author/adm", "provider_name": "C\u00e2mara Municipal de Carapebus", "type": "rich"}