{"provider_url": "https://www.carapebus.rj.leg.br", "title": "Pacato justifica suas faltas nas sess\u00f5es", "html": "<p>Marco Ant\u00f4nio Pacato justificou suas faltas comentando que a pauta para vota\u00e7\u00e3o deve estar dispon\u00edvel no quadro de avisos at\u00e9 as 12 horas. \u201cVenho todos os dias pela manh\u00e3. Fico at\u00e9 o meio dia e como n\u00e3o vejo nada, saiu para atender e visitar a popula\u00e7\u00e3o. \u00a0N\u00e3o estou aqui para perder tempo ou ficar na m\u00eddia social dando explica\u00e7\u00e3o \u00e0 drogados ou viciado do porque estou ausente\u201d.</p>\r\n<p>E classificou de covardia contra si quando h\u00e1 dois meses foi \u00e0 C\u00e2mara para votar a cassa\u00e7\u00e3o da prefeita e se surpreendeu com o pedido para an\u00e1lise de seu pr\u00f3prio impeachment. \u201cOs colegas n\u00e3o podem esquecer que nossos mandatos est\u00e3o para se encerrar em dezembro e todos moram na cidade e a pol\u00edtica passa\u201d.</p>\r\n<p>E acusou aos cr\u00edticos da administra\u00e7\u00e3o municipal, de estarem atr\u00e1s de \u201cboca\u201d quando falam mal da prefeita e dizem ser a favor do povo. E que se realizada uma pesquisa na cidade hoje, a prefeita ir\u00e1 ser apontada como a preferida. \u201cCom a vontade de Deus, no dia da elei\u00e7\u00e3o que o povo decida em quem votar. Se o povo achar que sou merecer eu vou voltar. Sen\u00e3o amem\u201d.</p>", "author_name": "tania.garabini", "version": "1.0", "author_url": "https://www.carapebus.rj.leg.br/author/tania.garabini", "provider_name": "C\u00e2mara Municipal de Carapebus", "type": "rich"}