{"provider_url": "https://www.carapebus.rj.leg.br", "title": "Posse dos eleitos para o mandato 2025/2028 ", "html": "<p>Posse dos eleitos para o mandato 2025/2028 e composi\u00e7\u00e3o da mesa diretora</p>\r\n<p>No dia 1\u00ba de dezembro de 2025, a Pra\u00e7a Frey Baltazar, em Carapebus, foi o cen\u00e1rio da posse dos representantes eleitos para a legislatura 2025-2028. A cerim\u00f4nia contou com a presen\u00e7a de diversas autoridades, lideran\u00e7as pol\u00edticas e um grande p\u00fablico local.</p>\r\n<p>Tomaram posse o prefeito Bernard Tavares (CIDADANIA), o vice-prefeito Marcelo Borginho (CIDADANIA) e os nove vereadores eleitos:</p>\r\n<p>Eduardinho Cordeiro (PP)</p>\r\n<p>Kelver JJ (CIDADANIA)</p>\r\n<p>Lico Maia (CIDADANIA)</p>\r\n<p>Nivaldo Caetano (CIDADANIA)</p>\r\n<p>Patrick Carvalho (CIDADANIA)</p>\r\n<p>Paulinho Cueca (SOLIDARIEDADE)</p>\r\n<p>Rivin Fran\u00e7a (PL)</p>\r\n<p>Tania Cabral (CIDADANIA)</p>\r\n<p>Vav\u00e1 Barcelos (PL)</p>\r\n<p><br />Na ocasi\u00e3o, tamb\u00e9m foi anunciada a composi\u00e7\u00e3o da mesa diretora para o bi\u00eanio 2025-2026:</p>\r\n<p>Presidente: Riverton Fran\u00e7a</p>\r\n<p>Vice-Presidente: Vav\u00e1 Barcelos</p>\r\n<p>1\u00ba Secret\u00e1rio: Patrick Carvalho</p>\r\n<p>2\u00aa Secret\u00e1ria: T\u00e2nia Cabral</p>\r\n<p><br />Os vereadores ressaltaram o compromisso com o desenvolvimento de Carapebus, refor\u00e7ando a import\u00e2ncia da uni\u00e3o entre Legislativo e Executivo para atender \u00e0s demandas da popula\u00e7\u00e3o.</p>", "author_name": "vivian.vieira", "version": "1.0", "author_url": "https://www.carapebus.rj.leg.br/author/vivian.vieira", "provider_name": "C\u00e2mara Municipal de Carapebus", "type": "rich"}