{"provider_url": "https://www.carapebus.rj.leg.br", "title": "Recesso parlamentar \u00e9 iniciado dia 7", "html": "<p>Justificando a continuidade das atividades da C\u00e2mara de Vereadores em julho \u2013 \u00e9poca de recesso parlamentar \u2013 o presidente Anselmo Prata foi taxativo em afirmar que isso ocorre diante da pandemia e \u201co Executivo n\u00e3o d\u00e1 atende a popula\u00e7\u00e3o. N\u00e3o cumpre seu papel. Enquanto as c\u00e2maras de 91 munic\u00edpios deram recesso \u00e9 inconceb\u00edvel que essa c\u00e2mara d\u00ea tamb\u00e9m uma vez que essa cidade n\u00e3o tem governo, que n\u00e3o defende o povo e o \u00fanico lugar que est\u00e1 defendendo a popula\u00e7\u00e3o \u00e9 essa C\u00e2mara. \u00c9 o \u00fanico lugar que est\u00e1 dando voz ao povo\u201d. Mas com cinco votos a favor e um contr\u00e1rio, o recesso n\u00e3o foi suspenso.</p>\r\n<p>O presidente relevou que os vereadores Albecir Ribeiro, T\u00e2nia Cabral e Ant\u00f4nio Marcos Pacato entraram no plant\u00e3o noturno do judici\u00e1rio na cidade do Rio de Janeiro com processo pedindo para suspender as sess\u00f5es. \u201cOu seja, fechar essa C\u00e2mara. Fechar a casa do povo. Calar a voz de quem defende o povo\u201d. Diante disso, Anselmo Prata prop\u00f4s elabora\u00e7\u00e3o de um requerimento legislativo para suspender \u2013 de forma correta \u2013 o recesso. E questionou que para a mesma seja aprovada s\u00e3o necess\u00e1rios seis votos a favor e se o vereador Albecir Ribeiro, presente \u00e0 sess\u00e3o \u2013 iria votar contra ou a favor da popula\u00e7\u00e3o, pedindo pelo recesso.</p>\r\n<p>O vereador Albecir citou que as Casas de cidades circunvizinhas fecharam nesse per\u00edodo de pandemia. O presidente criticou essa compara\u00e7\u00e3o alegando que nos outros munic\u00edpios as prefeituras deram assist\u00eancia \u00e0 popula\u00e7\u00e3o. \u201cDeram g\u00e1s, cestas b\u00e1sicas, aluguel social para que preciso. E aqui nada disso foi feito. Esses munic\u00edpios t\u00eam governo. \u00c9 logico que o vereador se exp\u00f5e vindo aqui, mas agora \u00e9 necess\u00e1rio. Se tiv\u00e9ssemos governo que desse assist\u00eancia \u00e0s fam\u00edlias, com certeza n\u00e3o precisar\u00edamos estar aqui. O papel do vereador n\u00e3o \u00e9 fazer o social. \u00c9 de atender a popula\u00e7\u00e3o de um modo geral.</p>\r\n<p>A parte do coment\u00e1rio sobre o recesso, o presidente Anselmo Prata pediu que a justi\u00e7a devolva \u00e0 C\u00e2mara o processo de cassa\u00e7\u00e3o da prefeita Christiane Cordeiro. \u201cCom ela cassada, vai estancar esses gastos. O pr\u00f3ximo prefeito n\u00e3o vai fazer milagre, mas vai conseguir administrar a cidade\u201d.</p>", "author_name": "tania.garabini", "version": "1.0", "author_url": "https://www.carapebus.rj.leg.br/author/tania.garabini", "provider_name": "C\u00e2mara Municipal de Carapebus", "type": "rich"}