{"provider_url": "https://www.carapebus.rj.leg.br", "title": "Sa\u00fade volta a ser criticada em Carapebus", "html": "<p>O vereador Marcelo Borginho fez duras cr\u00edticas a falta de atendimento para pacientes oncol\u00f3gicos do munic\u00edpio citando o caso de uma mulher que mesmo tendo feito quimioterapia pela manh\u00e3 em Campos dos Goytacazes, precisou esperar at\u00e9 o final da tarde para ser removida para Carapebus.</p>\r\n<p>\u201cEla saiu \u00e0s 6 horas de Capelinha, junto com acompanhante j\u00e1 que n\u00e3o pode mais andar. Terminou seu tratamento \u00e0s 9 horas e ficou at\u00e9 as 15 horas, sentada numa cadeira de rodas, no sagu\u00e3o do hospital, a espera do transporte\u201d relatou indignado Marcelo Borginho. O vereador tentou interferir acionando a coordena\u00e7\u00e3o de transporte na sa\u00fade e foi informado que dos cinco carros, tr\u00eas encontravam-se no Rio de Janeiro, outro em Bom Jesus de Itabapuana e o \u00faltimo para Campos, s\u00f3 chegou no hor\u00e1rio citado.</p>\r\n<p>Ele indagou se j\u00e1 conhecem a rotina oncol\u00f3gica porque n\u00e3o agendar antecipadamente o transporte de ida e volta desses doentes para que n\u00e3o fique horas a espera. A vereadora T\u00e2nia Cabral concordou com Borginho e ir\u00e1 verificar essa situa\u00e7\u00e3o junto \u00e0 prefeitura. O vereador Deuty comentou que isso n\u00e3o pode acontecer, j\u00e1 que cada secret\u00e1rio tem carro e muitas vezes, esses ve\u00edculos s\u00e3o vistos e at\u00e9 fotografados em frente a um shopping, no estacionamento da Cidade Universit\u00e1ria \u2013 ambos em Maca\u00e9 \u2013 e at\u00e9 no Maracan\u00e3. Enquanto doentes n\u00e3o conseguem ser transportados para os hospitais ou retornarem para suas casas ap\u00f3s tratamento.</p>\r\n<p><b>Wagner Melo agradece </b></p>\r\n<p>O vereador Wagner Melo agradeceu a atua\u00e7\u00e3o r\u00e1pida da equipe m\u00e9dica de Quissam\u00e3, na microcirurgia feita em seu filho. Ele vinha tentando dentro do munic\u00edpio de Carapebus a realiza\u00e7\u00e3o da interven\u00e7\u00e3o \u2013 sem sucesso \u2013 h\u00e1 quase dois anos. O corte cir\u00fargico do \u201cfreio\u201d embaixo da l\u00edngua do garoto foi realizado dentro de um posto de sa\u00fade de Quissam\u00e3, por uma cirurgi\u00e3 dentista. Wagner agradeceu tamb\u00e9m ao vereador Deuty, por ter ajudado na realiza\u00e7\u00e3o da opera\u00e7\u00e3o gra\u00e7as aos seus contatos.</p>", "author_name": "tania.garabini", "version": "1.0", "author_url": "https://www.carapebus.rj.leg.br/author/tania.garabini", "provider_name": "C\u00e2mara Municipal de Carapebus", "type": "rich"}