{"provider_url": "https://www.carapebus.rj.leg.br", "title": "SOS \u00c1gua: Chegou o Ver\u00e3o e a \u00e1gua sumiu", "html": "<p>Com a chegada do ver\u00e3o o problema da \u00e1gua come\u00e7ou. \"Desde 2017 solicitei po\u00e7o artesiano nos bairros do Alto do Caxanga, Santa Edwiges e a reativa\u00e7\u00e3o no do Barreiro, j\u00e1 que se conta apenas com o existente em Ub\u00e1s\". Wagner Melo explicou que, o po\u00e7o n\u00e3o atende as necessidades de consumo local. Isso ocorre devido as retiradas do l\u00edquido por caminh\u00f5es pipa da prefeitura para abastecer outras localidades deixando os moradores de Ub\u00e1s desassistidos.</p>\r\n<p>\u201cIsso porque a Cedae n\u00e3o d\u00e1 conta de fornecer \u00e1gua para a cidade. Foi promessa de campanha. Falta pouco menos de um ano e vemos que isso n\u00e3o vai acontecer. Precisamos desses po\u00e7os artesianos. Acredito que seja uma obra pequena, basta empenho da prefeitura com ajuda da Cedae, que j\u00e1 se colocou a disposi\u00e7\u00e3o para ajudar nesse assunto\u201d.</p>\r\n<p>Wagner em sua fala comentou que ouviu coment\u00e1rios de que secret\u00e1rios est\u00e3o comercializando \u00e1gua e outros fazendo \u201cpoliticagem\u201d no fornecimento, trocando o abastecimento por futuros votos. Informou que a popula\u00e7\u00e3o de Ub\u00e1s est\u00e1 querendo fazer manifesto pedindo esse atendimento.</p>\r\n<p>J\u00e1 em Nova Cana\u00e3 que n\u00e3o tem calcetamento, falta infraestrutura, esgoto e ruas esburacadas e de terra, que se transformam em vala de esgoto a c\u00e9u aberto e lama\u00e7al em dias de chuva.</p>", "author_name": "tania.garabini", "version": "1.0", "author_url": "https://www.carapebus.rj.leg.br/author/tania.garabini", "provider_name": "C\u00e2mara Municipal de Carapebus", "type": "rich"}