{"provider_url": "https://www.carapebus.rj.leg.br", "title": "T\u00e2nia Cabral tem tr\u00eas indica\u00e7\u00f5es aprovadas", "html": "<p>Tr\u00eas indica\u00e7\u00f5es legislativas da vereadora T\u00e2nia Cabral foram aprovadas por unanimidade. A primeira \u00e9 o pedido de remodela\u00e7\u00e3o da Avenida Get\u00falio Vargas. A segunda \u00e9 a da pra\u00e7a Frei Baltazar. Ambos os logradouros est\u00e3o localizados no Centro da Cidade. Para a vereadora \u00e9 de suma import\u00e2ncia para melhor atendimento \u00e0 popula\u00e7\u00e3o.</p>\r\n<p>A terceira indica\u00e7\u00e3o est\u00e1 ligada ao setor econ\u00f4mico da cidade. A vereadora T\u00e2nia Cabral solicitou ao poder Executivo que modernize a Zona Especial de Neg\u00f3cios (ZEN). Para ela, essa a\u00e7\u00e3o permitir\u00e1 atrair novas empresas e tamb\u00e9m incentivar as j\u00e1 existentes no local, com a melhoria de servi\u00e7os, tornando a Zen consequentemente ampliando o atendimento. Isso permitir\u00e1 que as empresas - bem assistidas \u2013 ampliem seus servi\u00e7os e tamb\u00e9m o volume de contrata\u00e7\u00f5es de funcion\u00e1rios. Vale lembrar, que h\u00e1 uma lei em vigor no munic\u00edpio em que, boa parte dos trabalhadores devem ser moradores da cidade.</p>\r\n<p>Por fim agradeceu aos vereadores que aprovaram as indica\u00e7\u00f5es feitas por ela. E quando o projeto de lei 014 T\u00e2nia Cabral afirmou categoricamente que n\u00e3o ir\u00e1 contra um projeto de repasse de recursos para atendimento aos pacientes com doen\u00e7as mentais. \"Podem contar com meu voto. Tudo que for para a Educa\u00e7\u00e3o, a Sa\u00fade eu votarei a favor porque ir\u00e1 beneficiar a popula\u00e7\u00e3o. E estamos aqui para fiscalizar o uso correto desse dinheiro\", concluiu.</p>\r\n<p>E quanto \u00e0 indica\u00e7\u00e3o do vereador Deuty sobre aparelhos na \u00e1rea de Sa\u00fade T\u00e2nia informou que o munic\u00edpio j\u00e1 adquiriu o aparelho de ultrassom e em breve ser\u00e1 colocado em funcionamento. Assim como j\u00e1 esta em funcionamento o ecocardiograma. A popula\u00e7\u00e3o tem que aprender a cobrar seus direitos e nos procurar caso n\u00e3o serem atendidos. E se n\u00e3o tivermos uso correto de verbas, n\u00f3s iremos fiscalizar, porque somos vereadores e nossos sal\u00e1rios s\u00e3o pagos pela popula\u00e7\u00e3o\".</p>", "author_name": "tania.garabini", "version": "1.0", "author_url": "https://www.carapebus.rj.leg.br/author/tania.garabini", "provider_name": "C\u00e2mara Municipal de Carapebus", "type": "rich"}