{"provider_url": "https://www.carapebus.rj.leg.br", "title": "Vereador Deuty sofre amea\u00e7a de morte ", "html": "<p>Em carta an\u00f4nima deixada na porta de sua resid\u00eancia, o vice presidente da C\u00e2mara, Luciano Sardinha Carvalho (Deuty) foi amea\u00e7ado de morte. Ele \u00e9 o terceiro vereador a sofrer essa viol\u00eancia. A presid\u00eancia da Casa solicitar\u00e1 seguran\u00e7a para as policiais militar e Civil, al\u00e9m de apresentar denuncia junto ao Minist\u00e9rio P\u00fablico. As amea\u00e7as surgiram logo ap\u00f3s a instala\u00e7\u00e3o do processo de cassa\u00e7\u00e3o da prefeita, por improbidade administrativa.</p>\r\n<p>Segundo o vereador Deuty, essa \u00e9 a segunda vez que sofre esse tipo de coa\u00e7\u00e3o. A primeira foi em dezembro, quando da escolha da mesa diretora onde assumiu o cargo de vice presidente. Ele relata que recebeu uma mensagem de que \u201cat\u00e9 dezembro deveria morrer\u201d. \u201cMe surpreende muito, que desde a forma\u00e7\u00e3o da comiss\u00e3o processante, o vereador Anselmo sofreu uma tentativa; \u00a0o, vereador Marquinho teve um urubu com as pernas cortadas, deixado na porta de sua casa e agora na manh\u00e3 de s\u00e1bado, quando minha esposa foi lavar a varanda, no port\u00e3o da frente encontrou uma carta\u201d.</p>\r\n<p>Ainda em sua fala, Deuty falou do teor da carta, que dizia \u201ca primeira pessoa a ser morta seria ela, e consequentemente um filho meu, depois outro filho e por \u00faltimo matar o vereador Deuty\u201d. O parlamentar assegurou que, ir\u00e1 cumprir o juramento que fez ao assumir o cargo de vereador em janeiro de 2017, que \u00e9 de defender o povo de Carapebus. \u201cEu tenho f\u00e9 em Deus, que nada de ruim vai acontecer n\u00e3o s\u00f3 comigo como com os demais vereadores, porque Deus est\u00e1 presente em cada um de n\u00f3s\u201d. E que apesar das amea\u00e7as h\u00e1 pessoas orando por eles. A amea\u00e7a j\u00e1 foi registrada na delegacia local e iniciada as investiga\u00e7\u00f5es para apurar a autoria desse crime.</p>\r\n<p>O presidente da C\u00e2mara, Anselmo Prata convocou a todos os vereadores para uma audi\u00eancia com o governador Witzel para que ele coloque as secretarias de Pol\u00edcia Militar e a Civil, para dar seguran\u00e7a a todos os vereadores e seus familiares. Segundo ele, s\u00e3o graves as amea\u00e7as que vem ocorrendo desde a instala\u00e7\u00e3o da comiss\u00e3o processante. \u201c\u00c9 uma amea\u00e7a aos vereadores e a fam\u00edlia de todos n\u00f3s. \u00c9 uma amea\u00e7a a democracia e eu como presidente dessa Casa, tenho o dever e a responsabilidade de zelar pela integridade f\u00edsica de todos os vereadores. Estaremos registrando as pol\u00edcias militar, civil, junto \u00e0 ju\u00edza da comarca de Quissam\u00e3 e o Minist\u00e9rio P\u00fablico essas ocorr\u00eancias\u201d.</p>", "author_name": "tania.garabini", "version": "1.0", "author_url": "https://www.carapebus.rj.leg.br/author/tania.garabini", "provider_name": "C\u00e2mara Municipal de Carapebus", "type": "rich"}