{"provider_url": "https://www.carapebus.rj.leg.br", "title": "Vereadores refor\u00e7am cr\u00edticas \u00e0s irregularidades", "html": "<p>O presidente Anselmo Prata acompanhou o parecer do TCE lembrando que a reprova\u00e7\u00e3o foi baseada em documentos e como ele acompanhou a gest\u00e3o atual da prefeita sabe das incorre\u00e7\u00f5es. \u201cN\u00f3s vivenciamos essa situa\u00e7\u00e3o durante tr\u00eas anos e seis meses e sabemos que o parecer n\u00e3o est\u00e1 errado\u201d.</p>\r\n<p>O vice-presidente Luciano Sardinha (Deuty) n\u00e3o citou as sete irregularidades que a prefeita cometeu, mas lembrou que a mesma teve, por duas vezes, a oportunidade de se defender judicialmente, mas ignorou e usou a argumenta\u00e7\u00e3o de que a responsabilidade era dos servidores administrativos. Mas ele considerou altamente grave a utiliza\u00e7\u00e3o de 95% do Fundeb de maneira indevida. Deuty votou favor\u00e1vel a reprova\u00e7\u00e3o das contas da prefeita, acompanhando a decis\u00e3o do TCE.</p>\r\n<p>O vereador Wagner Mello acompanhou a decis\u00e3o do TCE. \u00a0O vereador Maicon Pimentel tamb\u00e9m acompanhou a decis\u00e3o do Tribunal de Contas, lembrando que foi uma decis\u00e3o t\u00e9cnica depois da constata\u00e7\u00e3o de dezessete impropriedades com igual n\u00famero de recomenda\u00e7\u00e3o. Foram identificadas sete irregularidades, uma delas constatada pelo Minist\u00e9rio P\u00fablico. \u201cNingu\u00e9m est\u00e1 inventando hist\u00f3ria. Isso foi relatado por aqui e esperamos que daqui para frente n\u00e3o cometam mais esses erros. Que o pr\u00f3ximo prefeito lembre que a lei tem que ser cumprida\u201d.</p>\r\n<p>A vereadora T\u00e2nia Cabral se declarou a favor da aprova\u00e7\u00e3o das contas do Poder Executivo alegando que, a prefeita preferiu gastar os R$ 10 milh\u00f5es pagando os servidores porque n\u00e3o queria demitir ningu\u00e9m. O vereador Ant\u00f4nio Marcos (Marquinho Pacato) foi contra o parecer do TCE. Dandinho acompanhou a decis\u00e3o da bancada governista. Mesmo todos os vereadores declararam o seu voto, foi realizada a vota\u00e7\u00e3o secreta e os votos contados e aferidos pela Mesa Diretora.</p>", "author_name": "tania.garabini", "version": "1.0", "author_url": "https://www.carapebus.rj.leg.br/author/tania.garabini", "provider_name": "C\u00e2mara Municipal de Carapebus", "type": "rich"}